{"id":19722,"date":"2024-12-05T09:44:09","date_gmt":"2024-12-05T08:44:09","guid":{"rendered":"https:\/\/creandgroup.com\/press-notes\/el-grup-financial-times-atorga-a-creand-credit-andorra-el-premi-banc-de-lany-dandorra\/"},"modified":"2024-12-09T09:45:50","modified_gmt":"2024-12-09T08:45:50","slug":"le-groupe-financial-times-accorde-le-prix-de-banque-de-lannee-dandorre-a-creand-credit-andorra","status":"publish","type":"press-notes","link":"https:\/\/creandgroup.com\/fr\/notes-de-presse\/le-groupe-financial-times-accorde-le-prix-de-banque-de-lannee-dandorre-a-creand-credit-andorra\/","title":{"rendered":"Le groupe Financial Times accorde le prix de Banque de l&rsquo;Ann\u00e9e d&rsquo;Andorre \u00e0 Creand Cr\u00e8dit Andorr\u00e0"},"content":{"rendered":"\n<p><strong>Ce prix r\u00e9compense la strat\u00e9gie de croissance, de sp\u00e9cialisation, d&rsquo;innovation, de transformation num\u00e9rique et de durabilit\u00e9 de la banque.<\/strong><\/p>\n\n\n\n<p>Le groupe Financial Times a accord\u00e9 le prix de Banque de l&rsquo;Ann\u00e9e d&rsquo;Andorre&nbsp;2024&nbsp;\u00e0 Creand Cr\u00e8dit Andorr\u00e0, une r\u00e9compense de r\u00e9f\u00e9rence dans le secteur financier \u00e0 l&rsquo;\u00e9chelle internationale, d\u00e9cern\u00e9e chaque ann\u00e9e. Concr\u00e8tement, c&rsquo;est la publication <em>The Banker<\/em> qui accorde ce prix, qui \u00ab&nbsp;t\u00e9moigne d&rsquo;une gestion robuste, d&rsquo;un mod\u00e8le d&rsquo;entreprise solide et d&rsquo;une approche prudente du risque de la banque&nbsp;\u00bb, comme l&rsquo;explique le groupe \u00e9ditorial.<\/p>\n\n\n\n<p>C&rsquo;est la troisi\u00e8me ann\u00e9e cons\u00e9cutive que Creand Cr\u00e8dit Andorr\u00e0 re\u00e7oit ce prix, qui r\u00e9compense le mod\u00e8le de Banque Engag\u00e9e promu par la banque. Cette ann\u00e9e, la banque a lanc\u00e9 son Plan strat\u00e9gique&nbsp;2024-2026, qui a pour axes principaux l&rsquo;obtention de r\u00e9sultats soutenus dans le temps, la proximit\u00e9 du service, la sp\u00e9cialisation, l&rsquo;innovation, la num\u00e9risation, une gestion prudente et efficace et l&rsquo;engagement social. En effet, le jury du prix a pris en compte les r\u00e9sultats obtenus \u00e0 la cl\u00f4ture du Plan strat\u00e9gique&nbsp;2021-2023, pendant lequel les r\u00e9sultats pr\u00e9vus ont \u00e9t\u00e9 largement atteints et une croissance remarquable \u00e0 l&rsquo;\u00e9chelle internationale a \u00e9t\u00e9 obtenue.<\/p>\n\n\n\n<p>Xavier Cornella, administrateur d\u00e9l\u00e9gu\u00e9 de Creand, a soulign\u00e9 que \u00ab&nbsp;recevoir une nouvelle fois ce prix est une reconnaissance \u00e0 la solidit\u00e9 de notre mod\u00e8le d&rsquo;entreprise et \u00e0 une trajectoire de leadership en Andorre. Notre Plan strat\u00e9gique d\u00e9finit une feuille de route qui vise \u00e0 apporter de la valeur \u00e0 nos clients et \u00e0 la soci\u00e9t\u00e9 dans son ensemble, en tant qu&rsquo;agent actif que nous sommes pour le progr\u00e8s de l&rsquo;\u00e9conomie du pays, et nous le faisons avec une gestion solide et responsable, en donnant la priorit\u00e9 au service, en favorisant l&rsquo;innovation et en int\u00e9grant la num\u00e9risation et la durabilit\u00e9 au sein de notre strat\u00e9gie&nbsp;\u00bb. M. Cornella se f\u00e9licite qu&rsquo;un groupe prestigieux et international comme le Financial Times \u00ab&nbsp;reconnaisse la trajectoire de travail de la banque avec un engagement clair d&rsquo;am\u00e9lioration continue&nbsp;\u00bb.<\/p>\n\n\n\n<figure class=\"wp-block-image aligncenter size-full is-resized\"><img loading=\"lazy\" decoding=\"async\" width=\"3500\" height=\"2334\" src=\"https:\/\/creandgroup.com\/wp-content\/uploads\/54184180299_8c85102bf8_o.jpg\" alt=\"\" class=\"wp-image-19728\" style=\"width:636px;height:auto\"\/><figcaption class=\"wp-element-caption\"><sub>C\u00e9r\u00e9monie de remise des prix \u00e0 Londres. De gauche \u00e0 droite: le journaliste britannique, Sir Trevor McDonald, Xavier Cornella, administrateur d\u00e9l\u00e9gu\u00e9 de Creand, Antoni Pintat, pr\u00e9sident de Creand, i Michael Klimes, \u00e9diteur de la revue The Banker, du groupe Financial Times.<\/sub> <sub>Photo: Financial Times<\/sub><\/figcaption><\/figure>\n\n\n\n<p>La r\u00e9compense a pris en compte la strat\u00e9gie de num\u00e9risation de la banque, qui s&rsquo;efforce de satisfaire constamment les nouveaux besoins des clients avec pour objectif de garder son leadership en innovation, d&rsquo;augmenter sa diff\u00e9renciation et d&rsquo;am\u00e9liorer l&rsquo;exp\u00e9rience client. C&rsquo;est pour cette raison que la banque a lanc\u00e9 avant l&rsquo;\u00e9t\u00e9 sa nouvelle application Creand Banque en ligne, un canal num\u00e9rique op\u00e9rationnel et relationnel pens\u00e9 pour les t\u00e9l\u00e9phones portables (<em>mobile first<\/em>), avec des prestations num\u00e9riques et de s\u00e9curit\u00e9 de haut niveau. La banque a \u00e9galement acc\u00e9l\u00e9r\u00e9 sa strat\u00e9gie d&rsquo;entreprise avec l&rsquo;utilisation de mod\u00e8les pr\u00e9dictifs d&rsquo;intelligence artificielle pour mieux s&rsquo;adapter aux besoins des clients et a sign\u00e9 un accord avec Onyze, organisme leader en Espagne de conservation d&rsquo;actifs num\u00e9riques, pour proposer des services d&rsquo;achat-vente et de conservation de crypto-actifs.<\/p>\n\n\n\n<p>Parmi les autres projets pris en compte par le jury des prix, il y a le lancement en&nbsp;2024&nbsp;en Andorre du programme Teens Creand, le premier pack de produits et services bancaires pour les jeunes de&nbsp;12&nbsp;\u00e0&nbsp;17&nbsp;ans&nbsp;: compte courant, banque en ligne, carte et Bizum. Le tout sous contr\u00f4le et surveillance de leurs parents, mais avec autonomie pour que les mineurs puissent entrer dans le monde des finances de mani\u00e8re s\u00fbre et responsable.<\/p>\n\n\n\n<p>Enfin, le pari pour l&rsquo;innovation, qui se veut vecteur de transformation sur le plan interne et de diff\u00e9renciation sur le plan externe, et le renforcement de la strat\u00e9gie de durabilit\u00e9, avec un mod\u00e8le de gouvernance robuste, l&rsquo;\u00e9ducation financi\u00e8re comme priorit\u00e9 et des actions d\u00e9cid\u00e9es telles que l&rsquo;entr\u00e9e sur le march\u00e9 national des cr\u00e9dits carbone ou l&rsquo;\u00e9mission de la premi\u00e8re obligation verte, sociale et durable de la part d&rsquo;une entit\u00e9 financi\u00e8re andorrane, sont autant d&rsquo;\u00e9l\u00e9ments qui ont m\u00e9rit\u00e9 la reconnaissance du groupe Financial Times.<\/p>\n\n\n\n<p>Le groupe Creand a cl\u00f4tur\u00e9 l\u2019ann\u00e9e&nbsp;2023&nbsp;avec un b\u00e9n\u00e9fice de&nbsp;71,3&nbsp;millions d\u2019euros, soit&nbsp;60,05&nbsp;% de plus qu\u2019en&nbsp;2022, et un chiffre d\u2019affaires de&nbsp;27,620&nbsp;milliards d\u2019euros, ce qui repr\u00e9sente une hausse de&nbsp;10,47&nbsp;%.<\/p>\n","protected":false},"author":7,"featured_media":19728,"template":"","categories":[526,529],"tags":[],"class_list":["post-19722","press-notes","type-press-notes","status-publish","has-post-thumbnail","hentry","category-corporatif","category-recompenses"],"acf":[],"_links":{"self":[{"href":"https:\/\/creandgroup.com\/fr\/wp-json\/wp\/v2\/press-notes\/19722","targetHints":{"allow":["GET"]}}],"collection":[{"href":"https:\/\/creandgroup.com\/fr\/wp-json\/wp\/v2\/press-notes"}],"about":[{"href":"https:\/\/creandgroup.com\/fr\/wp-json\/wp\/v2\/types\/press-notes"}],"author":[{"embeddable":true,"href":"https:\/\/creandgroup.com\/fr\/wp-json\/wp\/v2\/users\/7"}],"wp:featuredmedia":[{"embeddable":true,"href":"https:\/\/creandgroup.com\/fr\/wp-json\/wp\/v2\/media\/19728"}],"wp:attachment":[{"href":"https:\/\/creandgroup.com\/fr\/wp-json\/wp\/v2\/media?parent=19722"}],"wp:term":[{"taxonomy":"category","embeddable":true,"href":"https:\/\/creandgroup.com\/fr\/wp-json\/wp\/v2\/categories?post=19722"},{"taxonomy":"post_tag","embeddable":true,"href":"https:\/\/creandgroup.com\/fr\/wp-json\/wp\/v2\/tags?post=19722"}],"curies":[{"name":"wp","href":"https:\/\/api.w.org\/{rel}","templated":true}]}}