{"id":19420,"date":"2024-11-13T11:20:38","date_gmt":"2024-11-13T10:20:38","guid":{"rendered":"https:\/\/creandgroup.com\/opinion-article\/seguretat-per-on-comenco\/"},"modified":"2024-11-13T11:29:55","modified_gmt":"2024-11-13T10:29:55","slug":"securite-par-ou-je-commence","status":"publish","type":"opinion-article","link":"https:\/\/creandgroup.com\/fr\/article-opinion\/securite-par-ou-je-commence\/","title":{"rendered":"S\u00e9curit\u00e9\u00a0: par o\u00f9 je commence\u00a0?"},"content":{"rendered":"\n<p>Dans un monde o\u00f9 la technologie est pr\u00e9sente dans presque toutes nos activit\u00e9s, la cybers\u00e9curit\u00e9 est chaque jour plus essentielle. La plupart d\u2019entre nous sait qu\u2019il faut se prot\u00e9ger, toutefois beaucoup ne savent pas <strong>par o\u00f9 commencer<\/strong> ni <strong>quelles ressources y consacrer<\/strong>. Cet article s\u2019adresse \u00e0 ceux qui comprennent l\u2019importance de la s\u00e9curit\u00e9, mais qui ont besoin d\u2019\u00eatre guid\u00e9s pour l\u2019adapter \u00e0 leur r\u00e9alit\u00e9.<\/p>\n\n\n\n<p>Il ne s\u2019agit pas d\u2019appliquer les m\u00eames mesures \u00e0 tout le monde&nbsp;; la cybers\u00e9curit\u00e9 doit \u00eatre \u00ab&nbsp;du sur mesure&nbsp;\u00bb pour s\u2019adapter aux dimensions, aux activit\u00e9s et aux ressources de chaque personne, famille ou entreprise. En Andorre, o\u00f9 la proximit\u00e9 et la confiance sont fondamentales, la cybers\u00e9curit\u00e9 proportionnelle a encore plus de valeur. De l\u2019utilisateur particulier \u00e0 la grande entreprise, chacun peut mettre en place des mesures de protection, peu importe le type de donn\u00e9es \u00e0 g\u00e9rer. La cl\u00e9 est d\u2019analyser correctement les besoins et de prendre des d\u00e9cisions \u00e9clair\u00e9es.<\/p>\n\n\n\n<p><strong>Cybers\u00e9curit\u00e9 adaptable \u00e0 tous<\/strong><strong><\/strong><\/p>\n\n\n\n<p>C\u2019est une erreur de penser que la cybers\u00e9curit\u00e9 concerne uniquement les grandes corporations, mais c\u2019est aussi une erreur de penser que les mesures doivent \u00eatre les m\u00eames pour tous. La r\u00e9alit\u00e9 d\u2019une bijouterie du centre d\u2019Andorre-la-Vieille n\u2019est pas celle d\u2019un notaire, d\u2019une clinique v\u00e9t\u00e9rinaire ou d\u2019un grand \u00e9tablissement financier, et la s\u00e9curit\u00e9 doit \u00eatre proportionnelle au type d\u2019activit\u00e9, au risque associ\u00e9 et aux donn\u00e9es g\u00e9r\u00e9es.<\/p>\n\n\n\n<p>La bonne nouvelle, c\u2019est que la cybers\u00e9curit\u00e9 peut s\u2019adapter aux dimensions et aux ressources de chaque personne et organisation. Profitons de la petite taille de notre pays et des relations de proximit\u00e9 pour collaborer et appliquer des mesures proportionn\u00e9es.<\/p>\n\n\n\n<p><strong>Analyser les besoins et les risques<\/strong><strong><\/strong><\/p>\n\n\n\n<p>La premi\u00e8re \u00e9tape est de <strong>comprendre ce qu\u2019il faut prot\u00e9ger<\/strong>. Il ne s\u2019agit pas simplement de mettre en place une technologie avanc\u00e9e, mais de comprendre les risques r\u00e9els. Posons-nous quelques questions \u00e9l\u00e9mentaires&nbsp;:<\/p>\n\n\n\n<p>&#8211;<strong>Type de donn\u00e9es<\/strong>\u00a0: dans un cadre de proximit\u00e9 et de confiance, il est essentiel de prot\u00e9ger la vie priv\u00e9e des clients et les informations relatives \u00e0 leurs entreprises.<\/p>\n\n\n\n<p>&#8211;<strong>Stockage<\/strong>\u00a0: chaque type de stockage (nuage, serveur local ou dispositifs personnels) comprend ses propres risques, qui exigent des strat\u00e9gies sp\u00e9cifiques.<\/p>\n\n\n\n<p>&#8211;<strong>Impact d\u2019une br\u00e8che<\/strong>\u00a0: perdre des donn\u00e9es confidentielles peut affecter l\u2019\u00e9conomie d\u2019une petite entreprise, mais aussi la confiance g\u00e9n\u00e9rale envers le tissu d\u2019entreprises du pays.<\/p>\n\n\n\n<p><strong>Des actions simples pour de grands r\u00e9sultats<\/strong><strong><\/strong><\/p>\n\n\n\n<p>La cybers\u00e9curit\u00e9, particuli\u00e8rement dans notre pays, peut sembler complexe ou co\u00fbteuse. Toutefois, sans parler d\u2019investissements \u00e9lev\u00e9s et de produits sophistiqu\u00e9s, certaines <strong>actions simples peuvent faire la diff\u00e9rence<\/strong>.<\/p>\n\n\n\n<p>-Changer les mots de passe faibles<\/p>\n\n\n\n<p>-Activer l\u2019authentification \u00e0 deux facteurs<\/p>\n\n\n\n<p>-Faire des sauvegardes r\u00e9guli\u00e8res<\/p>\n\n\n\n<p>La solution est d\u2019appliquer des mesures ad\u00e9quates et accessibles, pour augmenter la protection tout en trouvant l\u2019\u00e9quilibre entre co\u00fbts et b\u00e9n\u00e9fices, sans compromettre les ressources.<\/p>\n\n\n\n<p><strong>L\u2019Agence nationale de cybers\u00e9curit\u00e9<\/strong><strong><\/strong><\/p>\n\n\n\n<p>Une autre bonne nouvelle, c\u2019est que l\u2019Andorre dispose de l\u2019Agence nationale de cybers\u00e9curit\u00e9 (ANC), une institution qui fournit conseils et outils pratiques aux particuliers, aux \u00e9tablissements scolaires et aux entreprises. Compter sur l\u2019ANC est un bon point de d\u00e9part pour commencer \u00e0 concevoir nos strat\u00e9gies de protection, et cela nous rappelle que la cybers\u00e9curit\u00e9 est une responsabilit\u00e9 partag\u00e9e, o\u00f9 nous avons tous un r\u00f4le \u00e0 jouer.<\/p>\n\n\n\n<p><strong>Conclusion&nbsp;: un engagement pour une protection juste et coh\u00e9rente<\/strong><strong><\/strong><\/p>\n\n\n\n<p>La s\u00e9curit\u00e9 num\u00e9rique dans notre pays ne se r\u00e9duit pas \u00e0 la technologie, elle requiert conscience, responsabilit\u00e9 et proportionnalit\u00e9. En ayant une vision claire de nos besoins et en \u00e9tant dispos\u00e9s \u00e0 appliquer des mesures ajust\u00e9es, <strong>nous pouvons tous mettre en place une cybers\u00e9curit\u00e9 efficace et accessible<\/strong>, en assurant un environnement num\u00e9rique s\u00fbr pour tous.<\/p>\n\n\n\n<p>Ce processus commence par une question essentielle&nbsp;: <strong>par o\u00f9 je commence&nbsp;?<\/strong><\/p>\n\n\n\n<figure class=\"wp-block-image size-full\"><img loading=\"lazy\" decoding=\"async\" width=\"934\" height=\"530\" src=\"https:\/\/creandgroup.com\/wp-content\/uploads\/image-49.png\" alt=\"\" class=\"wp-image-19407\"\/><\/figure>\n\n\n\n<p>Article publicat al Diari d&rsquo;Andorra 13.11.2024<\/p>\n","protected":false},"featured_media":19417,"template":"","categories":[624],"tags":[],"class_list":["post-19420","opinion-article","type-opinion-article","status-publish","has-post-thumbnail","hentry","category-research-fr"],"acf":[],"_links":{"self":[{"href":"https:\/\/creandgroup.com\/fr\/wp-json\/wp\/v2\/opinion-article\/19420","targetHints":{"allow":["GET"]}}],"collection":[{"href":"https:\/\/creandgroup.com\/fr\/wp-json\/wp\/v2\/opinion-article"}],"about":[{"href":"https:\/\/creandgroup.com\/fr\/wp-json\/wp\/v2\/types\/opinion-article"}],"wp:featuredmedia":[{"embeddable":true,"href":"https:\/\/creandgroup.com\/fr\/wp-json\/wp\/v2\/media\/19417"}],"wp:attachment":[{"href":"https:\/\/creandgroup.com\/fr\/wp-json\/wp\/v2\/media?parent=19420"}],"wp:term":[{"taxonomy":"category","embeddable":true,"href":"https:\/\/creandgroup.com\/fr\/wp-json\/wp\/v2\/categories?post=19420"},{"taxonomy":"post_tag","embeddable":true,"href":"https:\/\/creandgroup.com\/fr\/wp-json\/wp\/v2\/tags?post=19420"}],"curies":[{"name":"wp","href":"https:\/\/api.w.org\/{rel}","templated":true}]}}