{"id":23786,"date":"2026-04-13T12:18:05","date_gmt":"2026-04-13T10:18:05","guid":{"rendered":"https:\/\/creandgroup.com\/?post_type=press-notes&#038;p=23786"},"modified":"2026-04-13T12:18:07","modified_gmt":"2026-04-13T10:18:07","slug":"creand-fundacio-organitza-la-conferencia-ser-adolescent-avui-conflictes-i-reptes-amb-els-psicolegs-jordi-royo-i-silvia-pascal","status":"publish","type":"press-notes","link":"https:\/\/creandgroup.com\/es\/notas-de-prensa\/creand-fundacio-organitza-la-conferencia-ser-adolescent-avui-conflictes-i-reptes-amb-els-psicolegs-jordi-royo-i-silvia-pascal\/","title":{"rendered":"Creand Fundaci\u00f3 organitza la confer\u00e8ncia \u2018Ser adolescent avui: conflictes i reptes\u2019 amb els psic\u00f2legs Jordi Royo i Silvia Pascal"},"content":{"rendered":"\n<p><strong>Tindr\u00e0 lloc el 16 d\u2019abril i abordar\u00e0 els principals desafiaments que afronten els adolescents i les seves fam\u00edlies en l\u2019actualitat.<\/strong><\/p>\n\n\n\n<p>Creand Fundaci\u00f3 organitza la confer\u00e8ncia&nbsp;<strong>\u2018Ser adolescent avui: conflictes i reptes\u2019<\/strong>, una xerrada que analitzar\u00e0 els principals desafiaments que afronten actualment els adolescents i les seves fam\u00edlies. L\u2019acte tindr\u00e0 lloc&nbsp;<strong>el 16 d\u2019abril, a les 18.30 hores, a l\u2019edifici Creand,<\/strong>&nbsp;i anir\u00e0 a c\u00e0rrec de&nbsp;<strong>Jordi Royo<\/strong>, psic\u00f2leg cl\u00ednic especialista en patologia dual en l\u2019\u00e0mbit infantojuvenil, cofundador i director cl\u00ednic d\u2019Amalagama7, i&nbsp;de <strong>Silvia Pascal<\/strong>, psic\u00f2loga infantojuvenil del Servei de Salut Mental del Servei Andorr\u00e0 d\u2019Atenci\u00f3 Sanit\u00e0ria.<\/p>\n\n\n\n<p>La confer\u00e8ncia abordar\u00e0 com han evolucionat els conflictes familiars durant l\u2019adolesc\u00e8ncia i quins s\u00f3n els principals factors que condicionen el desenvolupament dels joves en la societat actual. Els especialistes analitzaran els reptes principals que es troben les noies i els nois arribada l\u2019adolesc\u00e8ncia, com per exemple l\u2019excessiva exposici\u00f3 a l\u2019oci paralitzant, el consum de drogues, i els comportaments alimentaris i sexuals de risc, aix\u00ed com els canvis en les din\u00e0miques familiars i en la manera d\u2019acompanyar els joves en el seu proc\u00e9s de creixement.<\/p>\n\n\n\n<p>L\u2019objectiu de la xerrada \u00e9s oferir eines i orientacions pr\u00e0ctiques perqu\u00e8 les fam\u00edlies i els docents puguin identificar aquests reptes i gestionar-los amb m\u00e9s seguretat i confian\u00e7a.<\/p>\n\n\n\n<p>La confer\u00e8ncia forma part de les activitats que promou Creand Fundaci\u00f3 per impulsar i posar a l\u2019abast de la societat el coneixement i la formaci\u00f3 necess\u00e0ries per millorar el benestar i la qualitat de vida de les persones, i per fomentar el progr\u00e9s social i el creixement personal. En aquest cas, la confer\u00e8ncia est\u00e0 organitzada en col\u00b7laboraci\u00f3 amb l\u2019Escola de Fam\u00edlies de l\u2019AMPAEA i el Servei Andorr\u00e0 d\u2019Atenci\u00f3 Sanit\u00e0ria.<\/p>\n\n\n\n<p>Les persones interessades a assistir-hi poden inscriure\u2019s&nbsp;<strong>trucant al tel\u00e8fon 88 88 88<\/strong>.<\/p>\n","protected":false},"author":29,"featured_media":23787,"template":"","categories":[412,415],"tags":[],"class_list":["post-23786","press-notes","type-press-notes","status-publish","has-post-thumbnail","hentry","category-creand-fundacio","category-social-es"],"acf":[],"_links":{"self":[{"href":"https:\/\/creandgroup.com\/es\/wp-json\/wp\/v2\/press-notes\/23786","targetHints":{"allow":["GET"]}}],"collection":[{"href":"https:\/\/creandgroup.com\/es\/wp-json\/wp\/v2\/press-notes"}],"about":[{"href":"https:\/\/creandgroup.com\/es\/wp-json\/wp\/v2\/types\/press-notes"}],"author":[{"embeddable":true,"href":"https:\/\/creandgroup.com\/es\/wp-json\/wp\/v2\/users\/29"}],"wp:featuredmedia":[{"embeddable":true,"href":"https:\/\/creandgroup.com\/es\/wp-json\/wp\/v2\/media\/23787"}],"wp:attachment":[{"href":"https:\/\/creandgroup.com\/es\/wp-json\/wp\/v2\/media?parent=23786"}],"wp:term":[{"taxonomy":"category","embeddable":true,"href":"https:\/\/creandgroup.com\/es\/wp-json\/wp\/v2\/categories?post=23786"},{"taxonomy":"post_tag","embeddable":true,"href":"https:\/\/creandgroup.com\/es\/wp-json\/wp\/v2\/tags?post=23786"}],"curies":[{"name":"wp","href":"https:\/\/api.w.org\/{rel}","templated":true}]}}