{"id":19315,"date":"2024-11-08T09:54:07","date_gmt":"2024-11-08T08:54:07","guid":{"rendered":"https:\/\/creandgroup.com\/press-notes\/creand-credit-andorra-reconegut-com-a-millor-banca-privada-a-andorra-pel-grup-financial-times\/"},"modified":"2024-11-08T10:24:32","modified_gmt":"2024-11-08T09:24:32","slug":"creand-credit-andorra-reconocido-como-mejor-banca-privada-en-andorra-por-parte-del-grupo-financial-times","status":"publish","type":"press-notes","link":"https:\/\/creandgroup.com\/es\/notas-de-prensa\/creand-credit-andorra-reconocido-como-mejor-banca-privada-en-andorra-por-parte-del-grupo-financial-times\/","title":{"rendered":"Creand Cr\u00e8dit Andorr\u00e0, reconocido como Mejor Banca Privada en Andorra por parte del grupo Financial Times"},"content":{"rendered":"\n<p><strong>El jurado destaca los buenos resultados financieros y las iniciativas en innovaci\u00f3n, digitalizaci\u00f3n y sostenibilidad como motivos principales para merecer este premio<\/strong><\/p>\n\n\n\n<p>Creand Cr\u00e8dit Andorr\u00e0 ha recibido de nuevo el reconocimiento como Mejor Banca Privada en Andorra por parte del grupo Financial Times; en concreto, de las publicaciones financieras <em>Professional Wealth Management<\/em> (PWM) y <em>The Banker<\/em>. Estos premios se otorgan anualmente y son un referente entre la comunidad financiera internacional.<\/p>\n\n\n\n<p>Creand Cr\u00e8dit Andorr\u00e0 ha recibido este galard\u00f3n \u00abpor sus buenos resultados financieros, su habilidad para innovar, tanto con productos como con servicios, as\u00ed como por las iniciativas que promueven el progreso en el \u00e1mbito de la sostenibilidad y la digitalizaci\u00f3n\u00bb, explica la resoluci\u00f3n del jurado de los premios.<\/p>\n\n\n\n<p>Mart\u00ed Alfonso, director del \u00e1rea de Negocio Bancario de Andorra de Creand Cr\u00e8dit Andorr\u00e0, ha destacado que \u00abeste premio es un reconocimiento al trabajo de todo el equipo interno del banco que trabaja para mejorar d\u00eda a d\u00eda el servicio que ofrecemos al cliente, un modelo basado en la especializaci\u00f3n, el asesoramiento personal y la planificaci\u00f3n patrimonial global. Nuestro objetivo es dar respuesta a las nuevas necesidades que el mercado nos pide, apostando por ofrecer nuevos servicios, incorporando la digitalizaci\u00f3n y la sostenibilidad entendida de forma transversal y, tambi\u00e9n, velando por que nuestra acci\u00f3n sume en el desarrollo social y econ\u00f3mico de los clientes y del pa\u00eds\u00bb, ha explicado.<\/p>\n\n\n\n<figure class=\"wp-block-image aligncenter size-full is-resized\"><img loading=\"lazy\" decoding=\"async\" width=\"2560\" height=\"1706\" src=\"https:\/\/creandgroup.com\/wp-content\/uploads\/54124391783_6303051fec_o.jpg\" alt=\"\" class=\"wp-image-19345\" style=\"width:685px;height:auto\"\/><figcaption class=\"wp-element-caption\"><sub>De izquierda a derecha: Yuri Bender, editor jefe de la publicaci\u00f3n PWM del grupo Financial Times, y Mart\u00ed Alfonso, director del \u00e1rea de Negocio Bancario Andorra de Creand Cr\u00e8dit Andorr\u00e0. Autor\u00eda de la foto: Financial Times<\/sub><\/figcaption><\/figure>\n\n\n\n<p>El reconocimiento recibido pone de manifiesto el valor que aporta la estrategia de especializaci\u00f3n que impulsa el banco en su modelo de negocio, con nuevos productos en el \u00e1mbito de los activos alternativos, servicios de valor a\u00f1adido en la gesti\u00f3n patrimonial y el relevo generacional, o la aceleraci\u00f3n de la estrategia digital con el uso de modelos predictivos de inteligencia artificial para adecuarnos m\u00e1s y mejor a las necesidades del cliente, con lo que se optimiza la personalizaci\u00f3n en la relaci\u00f3n entre gestor y cliente.<\/p>\n\n\n\n<p>El premio tambi\u00e9n es el resultado de la apuesta por la innovaci\u00f3n como estrategia interna y transversal en el banco, que act\u00faa como vector de transformaci\u00f3n. En el \u00e1mbito externo, los esfuerzos se han centrado en impulsar proyectos de valor para el tejido empresarial y emprendedor, como el Innovation Hub, que pone en contacto a empresas y <em>start-ups<\/em> para encontrar v\u00edas de crecimiento en sus respectivos negocios.<\/p>\n\n\n\n<p>Las nuevas iniciativas que se han llevado a cabo en el \u00e1mbito de la sostenibilidad, como la entrada en el mercado nacional de cr\u00e9ditos de carbono con la instalaci\u00f3n de plantas de producci\u00f3n propia de energ\u00eda el\u00e9ctrica mediante placas fotovoltaicas o la emisi\u00f3n del primer bono verde, social y sostenible por parte de una entidad financiera andorrana, son proyectos que tambi\u00e9n han merecido el reconocimiento del grupo Financial Times. Entre estos proyectos valorados tambi\u00e9n se encuentra la decisi\u00f3n de potenciar la gobernanza de la sostenibilidad en el banco, con la creaci\u00f3n de la Unidad de Sostenibilidad, que ha dotado a la entidad de la estructura necesaria para definir la hoja de ruta para una Banca Comprometida y conseguir objetivos ambiciosos como el impulso de la incorporaci\u00f3n de los factores ASG (ambientales, sociales y de gobernanza) en las operaciones y decisiones.<\/p>\n\n\n\n<p>El grupo Creand cerr\u00f3 el a\u00f1o 2023 con un beneficio de 71,3 millones de euros, un 60,05&nbsp;% m\u00e1s que en 2022, y un volumen de negocio que se increment\u00f3 hasta los 27.620 millones de euros, lo que representa un 10,47&nbsp;% de crecimiento.<\/p>\n","protected":false},"author":7,"featured_media":19345,"template":"","categories":[399,404],"tags":[],"class_list":["post-19315","press-notes","type-press-notes","status-publish","has-post-thumbnail","hentry","category-corporativo","category-reconocimientos"],"acf":[],"_links":{"self":[{"href":"https:\/\/creandgroup.com\/es\/wp-json\/wp\/v2\/press-notes\/19315","targetHints":{"allow":["GET"]}}],"collection":[{"href":"https:\/\/creandgroup.com\/es\/wp-json\/wp\/v2\/press-notes"}],"about":[{"href":"https:\/\/creandgroup.com\/es\/wp-json\/wp\/v2\/types\/press-notes"}],"author":[{"embeddable":true,"href":"https:\/\/creandgroup.com\/es\/wp-json\/wp\/v2\/users\/7"}],"wp:featuredmedia":[{"embeddable":true,"href":"https:\/\/creandgroup.com\/es\/wp-json\/wp\/v2\/media\/19345"}],"wp:attachment":[{"href":"https:\/\/creandgroup.com\/es\/wp-json\/wp\/v2\/media?parent=19315"}],"wp:term":[{"taxonomy":"category","embeddable":true,"href":"https:\/\/creandgroup.com\/es\/wp-json\/wp\/v2\/categories?post=19315"},{"taxonomy":"post_tag","embeddable":true,"href":"https:\/\/creandgroup.com\/es\/wp-json\/wp\/v2\/tags?post=19315"}],"curies":[{"name":"wp","href":"https:\/\/api.w.org\/{rel}","templated":true}]}}