{"id":20232,"date":"2025-01-30T16:59:34","date_gmt":"2025-01-30T15:59:34","guid":{"rendered":"https:\/\/creandgroup.com\/?post_type=opinion-article&#038;p=20232"},"modified":"2025-01-30T17:02:26","modified_gmt":"2025-01-30T16:02:26","slug":"divergencia","status":"publish","type":"opinion-article","link":"https:\/\/creandgroup.com\/es\/articulo-opinion\/divergencia\/","title":{"rendered":"Divergencia"},"content":{"rendered":"\n<p>Hay una clara divergencia entre la FED y el BCE. Mientras que la FED se puede permitir el lujo de mantener los tipos sin cambios, puesto que la tasa de paro se ha estabilizado en niveles bajos, el crecimiento econ\u00f3mico sigue s\u00f3lido y la inflaci\u00f3n ha ca\u00eddo (aunque siga por encima del 2%), el BCE ha tenido que bajar tipos nuevamente.<\/p>\n\n\n\n<p>Lagarde ha reconocido que la econom\u00eda europea seguir\u00e1 siendo fr\u00e1gil en el corto plazo, y que los riesgos para las perspectivas econ\u00f3micas siguen inclin\u00e1ndose a la baja, debido a la posibilidad de que aumenten las tensiones comerciales a escala mundial. De este modo, el BCE ha rebajado los tipos en 0,25% y por lo tanto se produce una divergencia respecto al \u201cno\u201d movimiento de ayer de la FED. Adem\u00e1s, Powell dej\u00f3 claro que, en el escenario central de la FED, la inflaci\u00f3n deber\u00eda seguir cayendo, algo que inevitablemente nos muestra que est\u00e1n pensando en que los tipos de inter\u00e9s puedan continuar bajando.<\/p>\n\n\n\n<p>Mientras las pol\u00edticas de Trump sigan siendo moderadas, deber\u00eda permitir que ambos bancos centrales puedan seguir bajando los tipos, claramente m\u00e1s en Europa que en Estados Unidos. Salvo que los datos de inflaci\u00f3n sorprendan muy negativamente, todav\u00eda quedan varias bajadas de tipos a ambos lados del Atl\u00e1ntico.<\/p>\n","protected":false},"featured_media":13363,"template":"","categories":[478],"tags":[],"class_list":["post-20232","opinion-article","type-opinion-article","status-publish","has-post-thumbnail","hentry","category-research-es"],"acf":[],"_links":{"self":[{"href":"https:\/\/creandgroup.com\/es\/wp-json\/wp\/v2\/opinion-article\/20232","targetHints":{"allow":["GET"]}}],"collection":[{"href":"https:\/\/creandgroup.com\/es\/wp-json\/wp\/v2\/opinion-article"}],"about":[{"href":"https:\/\/creandgroup.com\/es\/wp-json\/wp\/v2\/types\/opinion-article"}],"wp:featuredmedia":[{"embeddable":true,"href":"https:\/\/creandgroup.com\/es\/wp-json\/wp\/v2\/media\/13363"}],"wp:attachment":[{"href":"https:\/\/creandgroup.com\/es\/wp-json\/wp\/v2\/media?parent=20232"}],"wp:term":[{"taxonomy":"category","embeddable":true,"href":"https:\/\/creandgroup.com\/es\/wp-json\/wp\/v2\/categories?post=20232"},{"taxonomy":"post_tag","embeddable":true,"href":"https:\/\/creandgroup.com\/es\/wp-json\/wp\/v2\/tags?post=20232"}],"curies":[{"name":"wp","href":"https:\/\/api.w.org\/{rel}","templated":true}]}}