{"id":18157,"date":"2024-08-12T08:35:19","date_gmt":"2024-08-12T06:35:19","guid":{"rendered":"https:\/\/creandgroup.com\/opinion-article\/fue-una-semana-volatil\/"},"modified":"2024-08-12T08:38:02","modified_gmt":"2024-08-12T06:38:02","slug":"fue-una-semana-volatil","status":"publish","type":"opinion-article","link":"https:\/\/creandgroup.com\/es\/articulo-opinion\/fue-una-semana-volatil\/","title":{"rendered":"Fue una semana vol\u00e1til"},"content":{"rendered":"\n<p>La mayor\u00eda de los principales \u00edndices cerraron esta vol\u00e1til semana con pocos cambios. El S&amp;P 500 se mantuvo pr\u00e1cticamente plano en la semana, el Nasdaq baj\u00f3 un 0,2%, el Dow Jones perdi\u00f3 un 0,6% y el Russell 2000 cedi\u00f3 un 1,4%. La semana comenz\u00f3 con una continuaci\u00f3n de las ventas mundiales iniciadas la semana pasada por los temores sobre el crecimiento econ\u00f3mico de EE.UU. tras el informe de empleo del pasado viernes. El Nikkei japon\u00e9s se desplom\u00f3 un 12% el lunes, precipitando una gran venta masiva en la renta variable estadounidense. Esta enorme ca\u00edda estuvo relacionada con la reversi\u00f3n del carry trade del yen, que se apreci\u00f3 r\u00e1pidamente frente al d\u00f3lar. El mercado tem\u00eda que se deshiciera el carry trade con el yen, dado lo arraigado que estaba en Jap\u00f3n, que hab\u00eda mantenido los tipos por debajo de cero, o cerca de cero, durante tanto tiempo.<\/p>\n\n\n\n<p>Al mercado tambi\u00e9n le preocupaba que la econom\u00eda estadounidense se ralentizara m\u00e1s deprisa de lo que cre\u00eda. La idea era que, en lugar del escenario preferido en el que la Reserva Federal baja los tipos de inter\u00e9s porque la inflaci\u00f3n vuelve a estar en l\u00ednea, se ver\u00eda obligada a recortarlos debido al debilitamiento de la econom\u00eda. Ser\u00eda admitir que la Reserva Federal hab\u00eda cometido un error al mantener los tipos altos durante demasiado tiempo y que hab\u00eda perjudicado a la econom\u00eda.&nbsp;<\/p>\n\n\n\n<p>Los bruscos movimientos a la baja del lunes llevaron al S&amp;P 500 a coquetear con la zona de correcci\u00f3n (definida como un descenso del 10% desde su m\u00e1ximo reciente). El martes, los temores a que se deshiciera el carry trade con el yen se calmaron y el Nikkei subi\u00f3 m\u00e1s de un 10% a medida que el yen se debilitaba frente al d\u00f3lar. Adem\u00e1s, algunos datos econ\u00f3micos positivos indicaron que quiz\u00e1 la econom\u00eda estadounidense no era tan d\u00e9bil como tem\u00edan algunos inversores. La \u00faltima estimaci\u00f3n del PIB de la Fed de Atlanta para el tercer trimestre fue del 2,9%, frente al 2,5% anterior. El informe semanal de solicitudes de subsidio de desempleo, que mostr\u00f3 un descenso de 17.000 solicitudes iniciales hasta 233.000, apoy\u00f3 la idea de que las preocupaciones sobre una recesi\u00f3n eran exageradas.<\/p>\n\n\n\n<p>Los tipos de inter\u00e9s bajaron notablemente a principios de semana, pero luego subieron al moderarse el temor a una recesi\u00f3n. El rendimiento de los bonos a 10 a\u00f1os subi\u00f3 15 puntos b\u00e1sicos, hasta el 3,94%, y el de los bonos a 2 a\u00f1os subi\u00f3 18 puntos b\u00e1sicos, hasta el 4,05%.<\/p>\n","protected":false},"featured_media":15930,"template":"","categories":[478,669],"tags":[702],"class_list":["post-18157","opinion-article","type-opinion-article","status-publish","has-post-thumbnail","hentry","category-research-es","category-analisis-financiero","tag-informe-semanal-es"],"acf":[],"_links":{"self":[{"href":"https:\/\/creandgroup.com\/es\/wp-json\/wp\/v2\/opinion-article\/18157","targetHints":{"allow":["GET"]}}],"collection":[{"href":"https:\/\/creandgroup.com\/es\/wp-json\/wp\/v2\/opinion-article"}],"about":[{"href":"https:\/\/creandgroup.com\/es\/wp-json\/wp\/v2\/types\/opinion-article"}],"wp:featuredmedia":[{"embeddable":true,"href":"https:\/\/creandgroup.com\/es\/wp-json\/wp\/v2\/media\/15930"}],"wp:attachment":[{"href":"https:\/\/creandgroup.com\/es\/wp-json\/wp\/v2\/media?parent=18157"}],"wp:term":[{"taxonomy":"category","embeddable":true,"href":"https:\/\/creandgroup.com\/es\/wp-json\/wp\/v2\/categories?post=18157"},{"taxonomy":"post_tag","embeddable":true,"href":"https:\/\/creandgroup.com\/es\/wp-json\/wp\/v2\/tags?post=18157"}],"curies":[{"name":"wp","href":"https:\/\/api.w.org\/{rel}","templated":true}]}}